{"id":204,"date":"2020-03-05T13:22:55","date_gmt":"2020-03-05T12:22:55","guid":{"rendered":"https:\/\/norskhavvind.wpengine.com\/?p=204"},"modified":"2021-02-24T14:32:25","modified_gmt":"2021-02-24T13:32:25","slug":"tidslinje-for-havvind-i-norge","status":"publish","type":"post","link":"https:\/\/norskhavvind.no\/en\/tidslinje-for-havvind-i-norge\/","title":{"rendered":"Norwegian offshore wind Timeline"},"content":{"rendered":"<p><strong>2019:<\/strong> The government proposed to open two areas for the construction of offshore wind: Sandskallen-S\u00f8r\u00f8ya nord, which is suitable for both floating and bottom-fixed technologies, and Utsira nord, which is only suitable for floating technologies. In addition, the government requested input on the opening of a third area: S\u00f8rlige Nordsj\u00f8 II. For more information follow the link to the Ministry of Petroleum and Energy <a href=\"https:\/\/www.regjeringen.no\/no\/aktuelt\/foreslar-apning-av-omrader-for-havvind\/id2655113\/\" target=\"_blank\" rel=\"noopener\">here<\/a>.<\/p>\n<p><strong>2018:<\/strong> NVE was tasked to assess potential changes that would affect the strategic impact assessment of offshore wind energy from 2012. NVE believe that there are no substantial changes of importance to revise the previous recommendations. If two areas are to be opened for offshore wind, <a href=\"https:\/\/www.nve.no\/nytt-fra-nve\/nyheter-energi\/nve-anbefaler-omrader-for-energiproduksjon-til-havs\/\" target=\"_blank\" rel=\"noopener\">NVE recommends Utsira nord and either Southern North Sea I or II.<\/a>.<\/p>\n<p><strong>2012\/2013:<\/strong> At the turn of the year 2012\/2013 <a href=\"http:\/\/publikasjoner.nve.no\/rapport\/2012\/rapport2012_47.pdf\">the NVE prepared a strategic impact assessment for offshore wind.<\/a>15 areas were investigated to uncover possible conflicts and divided the assessments into 3 categories.<\/p>\n<p><strong>2010:<\/strong> The Marine Energy Act came into force, and NVE prepared <a href=\"http:\/\/publikasjoner.nve.no\/diverse\/2010\/havvind2010.pdf\" target=\"_blank\" rel=\"noopener\">a proposal for study areas for offshore wind.<\/a>15 possible areas were identified.<\/p>\n<p><strong>2006:<\/strong> Offshore wind was for the first time mentioned in <a href=\"https:\/\/www.regjeringen.no\/no\/dokumenter\/Stmeld-nr-34-2006-2007-\/id473411\/sec1\">a report to the parliament on Norwegian climate policy<\/a> in 2006-2007, which states that a national strategy for electricity production at sea will be established.<\/p>\n<hr \/>\n<p>Kilde: <a href=\"https:\/\/www.nve.no\/energiforsyning\/kraftproduksjon\/vindkraft\/havvind-i-norge\/\" target=\"_blank\" rel=\"noopener\">NVE<\/a><\/p>","protected":false},"excerpt":{"rendered":"<p>Since 2008, offshore wind has been a focus area within climate-friendly technology in Norway due to the opportunities to \"reuse\" expertise and resources from the Norwegian maritime \/ offshore sector<\/p>","protected":false},"author":1,"featured_media":207,"comment_status":"closed","ping_status":"closed","sticky":false,"template":"","format":"standard","meta":{"_acf_changed":false,"footnotes":"","_links_to":"","_links_to_target":""},"categories":[1],"tags":[],"class_list":["post-204","post","type-post","status-publish","format-standard","has-post-thumbnail","hentry","category-aktuelt"],"acf":[],"yoast_head":"<!-- This site is optimized with the Yoast SEO plugin v22.8 - https:\/\/yoast.com\/wordpress\/plugins\/seo\/ -->\n<title>Tidslinje for havvind i Norge - Norsk Havvind<\/title>\n<meta name=\"robots\" content=\"index, follow, max-snippet:-1, max-image-preview:large, max-video-preview:-1\" \/>\n<link rel=\"canonical\" href=\"https:\/\/norskhavvind.no\/en\/tidslinje-for-havvind-i-norge\/\" \/>\n<meta property=\"og:locale\" content=\"en_GB\" \/>\n<meta property=\"og:type\" content=\"article\" \/>\n<meta property=\"og:title\" content=\"Tidslinje for havvind i Norge - Norsk Havvind\" \/>\n<meta property=\"og:description\" content=\"Havvind har v\u00e6rt et satsingsomr\u00e5de innen klimavennlig teknologi i Norge siden 2008, spesielt p\u00e5 bakgrunn av mulighetene for \u00e5 \u00abgjenbruke\u00bb kompetanse og ressurser fra norsk maritim\/offshore sektor.\" \/>\n<meta property=\"og:url\" content=\"https:\/\/norskhavvind.no\/en\/tidslinje-for-havvind-i-norge\/\" \/>\n<meta property=\"og:site_name\" content=\"Norsk Havvind\" \/>\n<meta property=\"article:published_time\" content=\"2020-03-05T12:22:55+00:00\" \/>\n<meta property=\"article:modified_time\" content=\"2021-02-24T13:32:25+00:00\" \/>\n<meta property=\"og:image\" content=\"https:\/\/norskhavvind.no\/wp-content\/uploads\/2020\/03\/norsk-havvind-157476267.jpg\" \/>\n\t<meta property=\"og:image:width\" content=\"1800\" \/>\n\t<meta property=\"og:image:height\" content=\"1013\" \/>\n\t<meta property=\"og:image:type\" content=\"image\/jpeg\" \/>\n<meta name=\"author\" content=\"norskhavvind\" \/>\n<meta name=\"twitter:card\" content=\"summary_large_image\" \/>\n<meta name=\"twitter:label1\" content=\"Written by\" \/>\n\t<meta name=\"twitter:data1\" content=\"norskhavvind\" \/>\n\t<meta name=\"twitter:label2\" content=\"Estimated reading time\" \/>\n\t<meta name=\"twitter:data2\" content=\"1 minute\" \/>\n<script type=\"application\/ld+json\" class=\"yoast-schema-graph\">{\"@context\":\"https:\/\/schema.org\",\"@graph\":[{\"@type\":\"Article\",\"@id\":\"https:\/\/norskhavvind.no\/tidslinje-for-havvind-i-norge\/#article\",\"isPartOf\":{\"@id\":\"https:\/\/norskhavvind.no\/tidslinje-for-havvind-i-norge\/\"},\"author\":{\"name\":\"norskhavvind\",\"@id\":\"https:\/\/norskhavvind.no\/#\/schema\/person\/98631fefa3c5ff5eabea30c7334326bf\"},\"headline\":\"Tidslinje for havvind i Norge\",\"datePublished\":\"2020-03-05T12:22:55+00:00\",\"dateModified\":\"2021-02-24T13:32:25+00:00\",\"mainEntityOfPage\":{\"@id\":\"https:\/\/norskhavvind.no\/tidslinje-for-havvind-i-norge\/\"},\"wordCount\":198,\"publisher\":{\"@id\":\"https:\/\/norskhavvind.no\/#organization\"},\"image\":{\"@id\":\"https:\/\/norskhavvind.no\/tidslinje-for-havvind-i-norge\/#primaryimage\"},\"thumbnailUrl\":\"https:\/\/norskhavvind.no\/wp-content\/uploads\/2020\/03\/norsk-havvind-157476267.jpg\",\"articleSection\":[\"Aktuelt\"],\"inLanguage\":\"en-GB\"},{\"@type\":\"WebPage\",\"@id\":\"https:\/\/norskhavvind.no\/tidslinje-for-havvind-i-norge\/\",\"url\":\"https:\/\/norskhavvind.no\/tidslinje-for-havvind-i-norge\/\",\"name\":\"Tidslinje for havvind i Norge - Norsk Havvind\",\"isPartOf\":{\"@id\":\"https:\/\/norskhavvind.no\/#website\"},\"primaryImageOfPage\":{\"@id\":\"https:\/\/norskhavvind.no\/tidslinje-for-havvind-i-norge\/#primaryimage\"},\"image\":{\"@id\":\"https:\/\/norskhavvind.no\/tidslinje-for-havvind-i-norge\/#primaryimage\"},\"thumbnailUrl\":\"https:\/\/norskhavvind.no\/wp-content\/uploads\/2020\/03\/norsk-havvind-157476267.jpg\",\"datePublished\":\"2020-03-05T12:22:55+00:00\",\"dateModified\":\"2021-02-24T13:32:25+00:00\",\"breadcrumb\":{\"@id\":\"https:\/\/norskhavvind.no\/tidslinje-for-havvind-i-norge\/#breadcrumb\"},\"inLanguage\":\"en-GB\",\"potentialAction\":[{\"@type\":\"ReadAction\",\"target\":[\"https:\/\/norskhavvind.no\/tidslinje-for-havvind-i-norge\/\"]}]},{\"@type\":\"ImageObject\",\"inLanguage\":\"en-GB\",\"@id\":\"https:\/\/norskhavvind.no\/tidslinje-for-havvind-i-norge\/#primaryimage\",\"url\":\"https:\/\/norskhavvind.no\/wp-content\/uploads\/2020\/03\/norsk-havvind-157476267.jpg\",\"contentUrl\":\"https:\/\/norskhavvind.no\/wp-content\/uploads\/2020\/03\/norsk-havvind-157476267.jpg\",\"width\":1800,\"height\":1013},{\"@type\":\"BreadcrumbList\",\"@id\":\"https:\/\/norskhavvind.no\/tidslinje-for-havvind-i-norge\/#breadcrumb\",\"itemListElement\":[{\"@type\":\"ListItem\",\"position\":1,\"name\":\"Home\",\"item\":\"https:\/\/norskhavvind.no\/\"},{\"@type\":\"ListItem\",\"position\":2,\"name\":\"Tidslinje for havvind i Norge\"}]},{\"@type\":\"WebSite\",\"@id\":\"https:\/\/norskhavvind.no\/#website\",\"url\":\"https:\/\/norskhavvind.no\/\",\"name\":\"Norsk Havvind\",\"description\":\"\",\"publisher\":{\"@id\":\"https:\/\/norskhavvind.no\/#organization\"},\"potentialAction\":[{\"@type\":\"SearchAction\",\"target\":{\"@type\":\"EntryPoint\",\"urlTemplate\":\"https:\/\/norskhavvind.no\/?s={search_term_string}\"},\"query-input\":\"required name=search_term_string\"}],\"inLanguage\":\"en-GB\"},{\"@type\":\"Organization\",\"@id\":\"https:\/\/norskhavvind.no\/#organization\",\"name\":\"Norsk Havvind\",\"url\":\"https:\/\/norskhavvind.no\/\",\"logo\":{\"@type\":\"ImageObject\",\"inLanguage\":\"en-GB\",\"@id\":\"https:\/\/norskhavvind.no\/#\/schema\/logo\/image\/\",\"url\":\"https:\/\/norskhavvind.no\/wp-content\/uploads\/2021\/02\/NorskHavvind_logo_rgb.svg\",\"contentUrl\":\"https:\/\/norskhavvind.no\/wp-content\/uploads\/2021\/02\/NorskHavvind_logo_rgb.svg\",\"width\":297.56,\"height\":79.59,\"caption\":\"Norsk Havvind\"},\"image\":{\"@id\":\"https:\/\/norskhavvind.no\/#\/schema\/logo\/image\/\"}},{\"@type\":\"Person\",\"@id\":\"https:\/\/norskhavvind.no\/#\/schema\/person\/98631fefa3c5ff5eabea30c7334326bf\",\"name\":\"norskhavvind\",\"image\":{\"@type\":\"ImageObject\",\"inLanguage\":\"en-GB\",\"@id\":\"https:\/\/norskhavvind.no\/#\/schema\/person\/image\/\",\"url\":\"https:\/\/secure.gravatar.com\/avatar\/b236fa9a20110ee0ee439fa65c08ffb4b236b4b206cc210e7809f7166ec1b3ef?s=96&d=mm&r=g\",\"contentUrl\":\"https:\/\/secure.gravatar.com\/avatar\/b236fa9a20110ee0ee439fa65c08ffb4b236b4b206cc210e7809f7166ec1b3ef?s=96&d=mm&r=g\",\"caption\":\"norskhavvind\"},\"sameAs\":[\"http:\/\/norskhavvind.wpengine.com\"],\"url\":\"https:\/\/norskhavvind.no\/en\/author\/norskhavvind\/\"}]}<\/script>\n<!-- \/ Yoast SEO plugin. -->","yoast_head_json":{"title":"Tidslinje for havvind i Norge - Norsk Havvind","robots":{"index":"index","follow":"follow","max-snippet":"max-snippet:-1","max-image-preview":"max-image-preview:large","max-video-preview":"max-video-preview:-1"},"canonical":"https:\/\/norskhavvind.no\/en\/tidslinje-for-havvind-i-norge\/","og_locale":"en_GB","og_type":"article","og_title":"Tidslinje for havvind i Norge - Norsk Havvind","og_description":"Havvind har v\u00e6rt et satsingsomr\u00e5de innen klimavennlig teknologi i Norge siden 2008, spesielt p\u00e5 bakgrunn av mulighetene for \u00e5 \u00abgjenbruke\u00bb kompetanse og ressurser fra norsk maritim\/offshore sektor.","og_url":"https:\/\/norskhavvind.no\/en\/tidslinje-for-havvind-i-norge\/","og_site_name":"Norsk Havvind","article_published_time":"2020-03-05T12:22:55+00:00","article_modified_time":"2021-02-24T13:32:25+00:00","og_image":[{"width":1800,"height":1013,"url":"https:\/\/norskhavvind.no\/wp-content\/uploads\/2020\/03\/norsk-havvind-157476267.jpg","type":"image\/jpeg"}],"author":"norskhavvind","twitter_card":"summary_large_image","twitter_misc":{"Written by":"norskhavvind","Estimated reading time":"1 minute"},"schema":{"@context":"https:\/\/schema.org","@graph":[{"@type":"Article","@id":"https:\/\/norskhavvind.no\/tidslinje-for-havvind-i-norge\/#article","isPartOf":{"@id":"https:\/\/norskhavvind.no\/tidslinje-for-havvind-i-norge\/"},"author":{"name":"norskhavvind","@id":"https:\/\/norskhavvind.no\/#\/schema\/person\/98631fefa3c5ff5eabea30c7334326bf"},"headline":"Tidslinje for havvind i Norge","datePublished":"2020-03-05T12:22:55+00:00","dateModified":"2021-02-24T13:32:25+00:00","mainEntityOfPage":{"@id":"https:\/\/norskhavvind.no\/tidslinje-for-havvind-i-norge\/"},"wordCount":198,"publisher":{"@id":"https:\/\/norskhavvind.no\/#organization"},"image":{"@id":"https:\/\/norskhavvind.no\/tidslinje-for-havvind-i-norge\/#primaryimage"},"thumbnailUrl":"https:\/\/norskhavvind.no\/wp-content\/uploads\/2020\/03\/norsk-havvind-157476267.jpg","articleSection":["Aktuelt"],"inLanguage":"en-GB"},{"@type":"WebPage","@id":"https:\/\/norskhavvind.no\/tidslinje-for-havvind-i-norge\/","url":"https:\/\/norskhavvind.no\/tidslinje-for-havvind-i-norge\/","name":"Tidslinje for havvind i Norge - Norsk Havvind","isPartOf":{"@id":"https:\/\/norskhavvind.no\/#website"},"primaryImageOfPage":{"@id":"https:\/\/norskhavvind.no\/tidslinje-for-havvind-i-norge\/#primaryimage"},"image":{"@id":"https:\/\/norskhavvind.no\/tidslinje-for-havvind-i-norge\/#primaryimage"},"thumbnailUrl":"https:\/\/norskhavvind.no\/wp-content\/uploads\/2020\/03\/norsk-havvind-157476267.jpg","datePublished":"2020-03-05T12:22:55+00:00","dateModified":"2021-02-24T13:32:25+00:00","breadcrumb":{"@id":"https:\/\/norskhavvind.no\/tidslinje-for-havvind-i-norge\/#breadcrumb"},"inLanguage":"en-GB","potentialAction":[{"@type":"ReadAction","target":["https:\/\/norskhavvind.no\/tidslinje-for-havvind-i-norge\/"]}]},{"@type":"ImageObject","inLanguage":"en-GB","@id":"https:\/\/norskhavvind.no\/tidslinje-for-havvind-i-norge\/#primaryimage","url":"https:\/\/norskhavvind.no\/wp-content\/uploads\/2020\/03\/norsk-havvind-157476267.jpg","contentUrl":"https:\/\/norskhavvind.no\/wp-content\/uploads\/2020\/03\/norsk-havvind-157476267.jpg","width":1800,"height":1013},{"@type":"BreadcrumbList","@id":"https:\/\/norskhavvind.no\/tidslinje-for-havvind-i-norge\/#breadcrumb","itemListElement":[{"@type":"ListItem","position":1,"name":"Home","item":"https:\/\/norskhavvind.no\/"},{"@type":"ListItem","position":2,"name":"Tidslinje for havvind i Norge"}]},{"@type":"WebSite","@id":"https:\/\/norskhavvind.no\/#website","url":"https:\/\/norskhavvind.no\/","name":"Norsk Havvind","description":"","publisher":{"@id":"https:\/\/norskhavvind.no\/#organization"},"potentialAction":[{"@type":"SearchAction","target":{"@type":"EntryPoint","urlTemplate":"https:\/\/norskhavvind.no\/?s={search_term_string}"},"query-input":"required name=search_term_string"}],"inLanguage":"en-GB"},{"@type":"Organization","@id":"https:\/\/norskhavvind.no\/#organization","name":"Norsk Havvind","url":"https:\/\/norskhavvind.no\/","logo":{"@type":"ImageObject","inLanguage":"en-GB","@id":"https:\/\/norskhavvind.no\/#\/schema\/logo\/image\/","url":"https:\/\/norskhavvind.no\/wp-content\/uploads\/2021\/02\/NorskHavvind_logo_rgb.svg","contentUrl":"https:\/\/norskhavvind.no\/wp-content\/uploads\/2021\/02\/NorskHavvind_logo_rgb.svg","width":297.56,"height":79.59,"caption":"Norsk Havvind"},"image":{"@id":"https:\/\/norskhavvind.no\/#\/schema\/logo\/image\/"}},{"@type":"Person","@id":"https:\/\/norskhavvind.no\/#\/schema\/person\/98631fefa3c5ff5eabea30c7334326bf","name":"norskhavvind","image":{"@type":"ImageObject","inLanguage":"en-GB","@id":"https:\/\/norskhavvind.no\/#\/schema\/person\/image\/","url":"https:\/\/secure.gravatar.com\/avatar\/b236fa9a20110ee0ee439fa65c08ffb4b236b4b206cc210e7809f7166ec1b3ef?s=96&d=mm&r=g","contentUrl":"https:\/\/secure.gravatar.com\/avatar\/b236fa9a20110ee0ee439fa65c08ffb4b236b4b206cc210e7809f7166ec1b3ef?s=96&d=mm&r=g","caption":"norskhavvind"},"sameAs":["http:\/\/norskhavvind.wpengine.com"],"url":"https:\/\/norskhavvind.no\/en\/author\/norskhavvind\/"}]}},"_links":{"self":[{"href":"https:\/\/norskhavvind.no\/en\/wp-json\/wp\/v2\/posts\/204","targetHints":{"allow":["GET"]}}],"collection":[{"href":"https:\/\/norskhavvind.no\/en\/wp-json\/wp\/v2\/posts"}],"about":[{"href":"https:\/\/norskhavvind.no\/en\/wp-json\/wp\/v2\/types\/post"}],"author":[{"embeddable":true,"href":"https:\/\/norskhavvind.no\/en\/wp-json\/wp\/v2\/users\/1"}],"replies":[{"embeddable":true,"href":"https:\/\/norskhavvind.no\/en\/wp-json\/wp\/v2\/comments?post=204"}],"version-history":[{"count":0,"href":"https:\/\/norskhavvind.no\/en\/wp-json\/wp\/v2\/posts\/204\/revisions"}],"wp:featuredmedia":[{"embeddable":true,"href":"https:\/\/norskhavvind.no\/en\/wp-json\/wp\/v2\/media\/207"}],"wp:attachment":[{"href":"https:\/\/norskhavvind.no\/en\/wp-json\/wp\/v2\/media?parent=204"}],"wp:term":[{"taxonomy":"category","embeddable":true,"href":"https:\/\/norskhavvind.no\/en\/wp-json\/wp\/v2\/categories?post=204"},{"taxonomy":"post_tag","embeddable":true,"href":"https:\/\/norskhavvind.no\/en\/wp-json\/wp\/v2\/tags?post=204"}],"curies":[{"name":"wp","href":"https:\/\/api.w.org\/{rel}","templated":true}]}}